{"id":1530,"date":"2026-04-23T10:43:41","date_gmt":"2026-04-23T09:43:41","guid":{"rendered":"https:\/\/verhoeven-motorsport.de\/wordpress\/?p=1530"},"modified":"2026-04-23T10:43:41","modified_gmt":"2026-04-23T09:43:41","slug":"dhlm-lauf-1","status":"publish","type":"post","link":"https:\/\/verhoeven-motorsport.de\/wordpress\/index.php\/2026\/04\/23\/dhlm-lauf-1\/","title":{"rendered":"DHLM Lauf 1"},"content":{"rendered":"\n<p><\/p>\n\n\n\n<p><\/p>\n\n\n\n<p>Neues Jahr neues Gl\u00fcck oder wie nennt man das nochmal\ud83d\ude01\ud83d\ude01. Nachdem die Saison 2025 durch kleine Ursachen leider nicht so erfolgreich war, haben wir unsere K\u00f6pfe zusammengesteckt und \u00fcberlegt, wie wir 2026 alles besser machen k\u00f6nnen. Ab November haben wir dann in Ruhe alles ge\u00e4ndert. Nat\u00fcrlich sind auch wieder Probleme aufgetreten, die man vorher nicht einkalkuliert hatte. Am ende durch die Hilfe von Leon Michel, Florian Dutzmann, Bojan Ferk und Stefan Wildsch\u00fctz stand das Auto 1 Woche vor dem ersten Rennen fertig da. In dieser Saison nehmen wir an 2 Serien teil. Die vom DMSB neu geschaffene Deutsche Historische Langstrecken Serie und die Youngtimer Trophy hei\u00dfen die Serien. Im Rahmenprogramm der 24h Qualifiers fand das erste Rennen der DHLM statt. In dieser Serie starte ich mit einem Nordschleifen Kenner. Sein Name ist Bojan Ferk aus Schwelm. Der selbstst\u00e4ndige KFZ-Meister mit eigener Werkstatt hat schon etliche 24h Rennen bestritten und gef\u00fchlt 1000 Runde auf der Nordschleife abgerissen. Aktuell f\u00e4hrt er auf einem Porsche in der RCN und die DHLM .<\/p>\n\n\n\n<p>So nun zum ersten Bericht der Saison. Voll motiviert sind wir angereist und hofften das wir alle Fehler beseitigt haben und Attacke machen k\u00f6nnen. Nachdem wir alle Abnahmen erledigt hatten ging es zum gem\u00fctlichen Teil \u00fcber und wir besprachen, wie wir das Training angehen. Bojan starte und sollte 2 Runden fahren. Leider teilte Bojan \u00fcber Funk mit das die Probleme mit der Bremsscheibe immer vorhanden sind und man nicht auf letzter Rille bremsen kann. Nach einer gefahrenen Runde von 11.48 kam Bojan in die Box. Da jeder Fahrer 1 gezeitete Runden fahren muss bin ich ins Auto gestiegen.&nbsp; Mit einem unwohlen Gef\u00fchl ging es auf die Nordschleife. Aber mit kleinem Zwischenbremsen ging es eigentlich. Mit einer Zeit von 11.31 konnten wir trotzdem den 2 Platz in der Klasse sichern. Der f\u00fchrende Carsten Welchar war nur 10 Sekunden vor uns. Ich entschied mich nochmal rauszufahren, um die Pole zu holen. Die Bremse und ich waren nun Freunde.&nbsp; Das neue Fahrwerk und Achsgeometrie waren ein Tr\u00e4umchen. Mit einer Zeit von 11.10 konnten wir die Pole einfahren und hatten 10 Sekunden Vorsprung auf den 2 platzierten. Im Gesamt waren wir 58.&nbsp; Nun hies es Auto vorbereiten f\u00fcrs Rennen. Was machen wir mit der Bremse. Da Julia noch mit den Kindern nach kam konnte Sie Ersatzteile von unserem Freund und Konkurrent Erich Zanders besorgen. Leider passten diese Teile nicht so gut und wir entschieden uns Bremse sauber machen und damit fahren.&nbsp;<\/p>\n\n\n\n<p>Samstag um 12 Uhr war dann der Start des ersten DHLM Lauf. Mit 380.000 Zuschauer im Liven stream und Tausende an der Strecke war die Vorfreude riesen gro\u00df. Boja ist den Start gefahren und ich dann den Schluss. Wir sind in der 2 Startgruppe von Reihe 9 gestartet. Bojan konnte seinen 1 Platz in der Klasse verteidigen und im Gesamt einige Pl\u00e4tze gut machen. Carsten Welchar der auf Platz 2 lag konnte ihm aber folgen und es wurde ein spannender Kampf. Von Runde zu Runde konnten wir unseren Vorsprung ausbauen und im Gesamt auch immer weiter nach vorne kommen. Freddy spulte seine Runden souver\u00e4n ab. Carsten Welchar entschied sich 2 Boxenstopp zu machen und wir nur einen. Dieses f\u00fchrte zu Verwirrung da wir nicht genau wussten, wo wir lagen. Nach gut der H\u00e4lfte des Rennens \u00fcbergab Bojan an Mich Tim Verhoeven ab. Leider hatte ich die ersten Beiden Runden Probleme in den Flouw zu kommen. Ab Runde 3 ging es dann und wir konnten konstante Zeite um die 10.52 fahren. Nachdem 2 Boxenstopp von Carsten kamen er aus der Box und ich auf Start und Ziel. Somit war es ein Kampf mit offenem Visier. Ausgang Hatzenbach kam es dann zu einer kritischen \u00dcberholung. Thomas Ostermann ( Kam nach dem Rennen und hatte sich endschuldigt) stand zum \u00dcberholen an und ich wollte rechts vorbei, aber Thomas fuhr auch auf die rechte Seite und ich hing hinter ihm fest und Carsten konnte mich wieder \u00fcberholen. Ausgang Flugplatz war ich aber wieder an Carsten vorbei und konnte Runde f\u00fcr Runde Vorsprung herausfahren. Nun ging es in die letzte Runde. Ich sagte zu Freddy wehe du machst jetzt Mucken. Das letzte Mal sagte ich Funk Audi Br\u00fccke. Ende D\u00f6ttinger H\u00f6he durch die Schikane und ab auf die Zielgerade. &nbsp;Das Team stand schon auf der Mauer zum Jubeln. 3, 2,1 Bingo da ist das Ding endlich hat es gepasst und wir konnten den Sieg einfahren. Einfach nur eine geile Team Leistung von allen. Platz 1 von 9 und 29 im Gesamt. Bester Opel und bestes Auto was kein Porsche oder BMW ist.<\/p>\n\n\n\n<p>Danke nochmal an alle die geholfen haben und die Daumen gedr\u00fcckt haben. &nbsp; In 2 Woche geht zum 1 Rennen der Youngtimer nach Hockenheim.<\/p>\n\n\n\n<figure class=\"wp-block-gallery has-nested-images columns-default is-cropped wp-block-gallery-1 is-layout-flex wp-block-gallery-is-layout-flex\">\n\n\n\n\n\n<\/figure>\n\n\n\n<figure class=\"wp-block-gallery has-nested-images columns-default is-cropped wp-block-gallery-2 is-layout-flex wp-block-gallery-is-layout-flex\">\n<figure class=\"wp-block-image size-large\"><img loading=\"lazy\" decoding=\"async\" width=\"720\" height=\"1024\" data-id=\"1536\" src=\"https:\/\/verhoeven-motorsport.de\/wordpress\/wp-content\/uploads\/2026\/04\/20260418_171653-720x1024.jpg\" alt=\"\" class=\"wp-image-1536\" srcset=\"https:\/\/verhoeven-motorsport.de\/wordpress\/wp-content\/uploads\/2026\/04\/20260418_171653-720x1024.jpg 720w, https:\/\/verhoeven-motorsport.de\/wordpress\/wp-content\/uploads\/2026\/04\/20260418_171653-211x300.jpg 211w, https:\/\/verhoeven-motorsport.de\/wordpress\/wp-content\/uploads\/2026\/04\/20260418_171653-768x1092.jpg 768w, https:\/\/verhoeven-motorsport.de\/wordpress\/wp-content\/uploads\/2026\/04\/20260418_171653-1080x1536.jpg 1080w, https:\/\/verhoeven-motorsport.de\/wordpress\/wp-content\/uploads\/2026\/04\/20260418_171653-1440x2048.jpg 1440w, https:\/\/verhoeven-motorsport.de\/wordpress\/wp-content\/uploads\/2026\/04\/20260418_171653-scaled.jpg 1800w\" sizes=\"auto, (max-width: 720px) 100vw, 720px\" \/><\/figure>\n\n\n\n<figure class=\"wp-block-image size-large\"><img loading=\"lazy\" decoding=\"async\" width=\"768\" height=\"1024\" data-id=\"1535\" src=\"https:\/\/verhoeven-motorsport.de\/wordpress\/wp-content\/uploads\/2026\/04\/IMG-20260418-WA0011-768x1024.jpg\" alt=\"\" class=\"wp-image-1535\" srcset=\"https:\/\/verhoeven-motorsport.de\/wordpress\/wp-content\/uploads\/2026\/04\/IMG-20260418-WA0011-768x1024.jpg 768w, https:\/\/verhoeven-motorsport.de\/wordpress\/wp-content\/uploads\/2026\/04\/IMG-20260418-WA0011-225x300.jpg 225w, https:\/\/verhoeven-motorsport.de\/wordpress\/wp-content\/uploads\/2026\/04\/IMG-20260418-WA0011-1152x1536.jpg 1152w, https:\/\/verhoeven-motorsport.de\/wordpress\/wp-content\/uploads\/2026\/04\/IMG-20260418-WA0011.jpg 1536w\" sizes=\"auto, (max-width: 768px) 100vw, 768px\" \/><\/figure>\n\n\n\n<figure class=\"wp-block-image size-large\"><img loading=\"lazy\" decoding=\"async\" width=\"1024\" height=\"855\" data-id=\"1534\" src=\"https:\/\/verhoeven-motorsport.de\/wordpress\/wp-content\/uploads\/2026\/04\/IMG-20260419-WA0005-1024x855.jpg\" alt=\"\" class=\"wp-image-1534\" srcset=\"https:\/\/verhoeven-motorsport.de\/wordpress\/wp-content\/uploads\/2026\/04\/IMG-20260419-WA0005-1024x855.jpg 1024w, https:\/\/verhoeven-motorsport.de\/wordpress\/wp-content\/uploads\/2026\/04\/IMG-20260419-WA0005-300x251.jpg 300w, https:\/\/verhoeven-motorsport.de\/wordpress\/wp-content\/uploads\/2026\/04\/IMG-20260419-WA0005-768x641.jpg 768w, https:\/\/verhoeven-motorsport.de\/wordpress\/wp-content\/uploads\/2026\/04\/IMG-20260419-WA0005-1536x1283.jpg 1536w, https:\/\/verhoeven-motorsport.de\/wordpress\/wp-content\/uploads\/2026\/04\/IMG-20260419-WA0005.jpg 1600w\" sizes=\"auto, (max-width: 1024px) 100vw, 1024px\" \/><\/figure>\n\n\n\n<figure class=\"wp-block-image size-large\"><img loading=\"lazy\" decoding=\"async\" width=\"576\" height=\"1024\" data-id=\"1531\" src=\"https:\/\/verhoeven-motorsport.de\/wordpress\/wp-content\/uploads\/2026\/04\/IMG-20260420-WA0017-576x1024.jpg\" alt=\"\" class=\"wp-image-1531\" srcset=\"https:\/\/verhoeven-motorsport.de\/wordpress\/wp-content\/uploads\/2026\/04\/IMG-20260420-WA0017-576x1024.jpg 576w, https:\/\/verhoeven-motorsport.de\/wordpress\/wp-content\/uploads\/2026\/04\/IMG-20260420-WA0017-169x300.jpg 169w, https:\/\/verhoeven-motorsport.de\/wordpress\/wp-content\/uploads\/2026\/04\/IMG-20260420-WA0017-768x1365.jpg 768w, https:\/\/verhoeven-motorsport.de\/wordpress\/wp-content\/uploads\/2026\/04\/IMG-20260420-WA0017-864x1536.jpg 864w, https:\/\/verhoeven-motorsport.de\/wordpress\/wp-content\/uploads\/2026\/04\/IMG-20260420-WA0017.jpg 900w\" sizes=\"auto, (max-width: 576px) 100vw, 576px\" \/><\/figure>\n\n\n\n<figure class=\"wp-block-image size-large\"><img loading=\"lazy\" decoding=\"async\" width=\"1024\" height=\"768\" data-id=\"1532\" src=\"https:\/\/verhoeven-motorsport.de\/wordpress\/wp-content\/uploads\/2026\/04\/IMG-20260421-WA0032-1024x768.jpg\" alt=\"\" class=\"wp-image-1532\" srcset=\"https:\/\/verhoeven-motorsport.de\/wordpress\/wp-content\/uploads\/2026\/04\/IMG-20260421-WA0032-1024x768.jpg 1024w, https:\/\/verhoeven-motorsport.de\/wordpress\/wp-content\/uploads\/2026\/04\/IMG-20260421-WA0032-300x225.jpg 300w, https:\/\/verhoeven-motorsport.de\/wordpress\/wp-content\/uploads\/2026\/04\/IMG-20260421-WA0032-768x576.jpg 768w, https:\/\/verhoeven-motorsport.de\/wordpress\/wp-content\/uploads\/2026\/04\/IMG-20260421-WA0032-1536x1152.jpg 1536w, https:\/\/verhoeven-motorsport.de\/wordpress\/wp-content\/uploads\/2026\/04\/IMG-20260421-WA0032.jpg 1600w\" sizes=\"auto, (max-width: 1024px) 100vw, 1024px\" \/><\/figure>\n\n\n\n<figure class=\"wp-block-image size-large\"><img loading=\"lazy\" decoding=\"async\" width=\"1024\" height=\"768\" data-id=\"1533\" src=\"https:\/\/verhoeven-motorsport.de\/wordpress\/wp-content\/uploads\/2026\/04\/IMG-20260421-WA0056-1024x768.jpg\" alt=\"\" class=\"wp-image-1533\" srcset=\"https:\/\/verhoeven-motorsport.de\/wordpress\/wp-content\/uploads\/2026\/04\/IMG-20260421-WA0056-1024x768.jpg 1024w, https:\/\/verhoeven-motorsport.de\/wordpress\/wp-content\/uploads\/2026\/04\/IMG-20260421-WA0056-300x225.jpg 300w, https:\/\/verhoeven-motorsport.de\/wordpress\/wp-content\/uploads\/2026\/04\/IMG-20260421-WA0056-768x576.jpg 768w, https:\/\/verhoeven-motorsport.de\/wordpress\/wp-content\/uploads\/2026\/04\/IMG-20260421-WA0056-1536x1152.jpg 1536w, https:\/\/verhoeven-motorsport.de\/wordpress\/wp-content\/uploads\/2026\/04\/IMG-20260421-WA0056.jpg 1600w\" sizes=\"auto, (max-width: 1024px) 100vw, 1024px\" \/><\/figure>\n<\/figure>\n\n\n\n<figure class=\"wp-block-video\"><\/figure>\n","protected":false},"excerpt":{"rendered":"<p>Neues Jahr neues Gl\u00fcck oder wie nennt man das nochmal\ud83d\ude01\ud83d\ude01. Nachdem die Saison 2025 durch kleine Ursachen leider nicht so erfolgreich war, haben wir unsere K\u00f6pfe zusammengesteckt und \u00fcberlegt, wie &#8230;<\/p>\n","protected":false},"author":1,"featured_media":0,"comment_status":"open","ping_status":"open","sticky":false,"template":"","format":"standard","meta":{"footnotes":""},"categories":[1],"tags":[],"class_list":["post-1530","post","type-post","status-publish","format-standard","hentry","category-uncategorized"],"_links":{"self":[{"href":"https:\/\/verhoeven-motorsport.de\/wordpress\/index.php\/wp-json\/wp\/v2\/posts\/1530","targetHints":{"allow":["GET"]}}],"collection":[{"href":"https:\/\/verhoeven-motorsport.de\/wordpress\/index.php\/wp-json\/wp\/v2\/posts"}],"about":[{"href":"https:\/\/verhoeven-motorsport.de\/wordpress\/index.php\/wp-json\/wp\/v2\/types\/post"}],"author":[{"embeddable":true,"href":"https:\/\/verhoeven-motorsport.de\/wordpress\/index.php\/wp-json\/wp\/v2\/users\/1"}],"replies":[{"embeddable":true,"href":"https:\/\/verhoeven-motorsport.de\/wordpress\/index.php\/wp-json\/wp\/v2\/comments?post=1530"}],"version-history":[{"count":1,"href":"https:\/\/verhoeven-motorsport.de\/wordpress\/index.php\/wp-json\/wp\/v2\/posts\/1530\/revisions"}],"predecessor-version":[{"id":1537,"href":"https:\/\/verhoeven-motorsport.de\/wordpress\/index.php\/wp-json\/wp\/v2\/posts\/1530\/revisions\/1537"}],"wp:attachment":[{"href":"https:\/\/verhoeven-motorsport.de\/wordpress\/index.php\/wp-json\/wp\/v2\/media?parent=1530"}],"wp:term":[{"taxonomy":"category","embeddable":true,"href":"https:\/\/verhoeven-motorsport.de\/wordpress\/index.php\/wp-json\/wp\/v2\/categories?post=1530"},{"taxonomy":"post_tag","embeddable":true,"href":"https:\/\/verhoeven-motorsport.de\/wordpress\/index.php\/wp-json\/wp\/v2\/tags?post=1530"}],"curies":[{"name":"wp","href":"https:\/\/api.w.org\/{rel}","templated":true}]}}